{"id":3350,"date":"2018-12-25T16:54:53","date_gmt":"2018-12-25T15:54:53","guid":{"rendered":"https:\/\/ilguelfobianco.it\/fr\/?p=3350"},"modified":"2021-06-07T11:17:04","modified_gmt":"2021-06-07T09:17:04","slug":"promotion-hotel-paques-florence-deux-pas-du-dome","status":"publish","type":"post","link":"https:\/\/ilguelfobianco.it\/fr\/promotion-hotel-paques-florence-deux-pas-du-dome\/","title":{"rendered":"PROMOTION HOTEL P\u00e2ques \u00e0 Florence \u00e0 deux pas du D\u00f4me"},"content":{"rendered":"<h4><strong>Les vacances de P\u00e2ques \u00e0 Florence en s\u00e9journant dans notre h\u00f4tel pr\u00e8s de la place du D\u00f4me pour assister \u00e0 l&#8217;explosion du Char!<\/strong><\/h4>\n<p><!--more--><\/p>\n<p>A Florence, pour P\u00e2ques, le printemps est dans l&#8217;air. L&#8217;on y respire une ambiance de renouveau, de jouvence, et toute la ville fr\u00e9tille de joie de par ses ruelles, jardins et terrasses panoramiques.<\/p>\n<p>Le c\u0153ur m\u00eame de la vie florentine bat <strong>\u00e0 quelques pas de notre h\u00f4tel dans le D\u00f4me de Santa Maria del Fiore<\/strong>, qui accueille depuis 350 ans, le dimanche de P\u00e2ques, l\u2019\u00e9v\u00e9nement plus repr\u00e9sentatif de la tradition de Florence : <strong>l&#8217;Explosion du Char<\/strong>.<\/p>\n<p><img decoding=\"async\" loading=\"lazy\" class=\"\u201cimg-responsive\u201d\" src=\"https:\/\/ilguelfobianco.it\/wp-content\/uploads\/2016\/12\/Pasquetta-Firenze.jpg\" alt=\"Easter in Florence Duomo\" width=\"600\" height=\"300\" \/><\/p>\n<p>La c\u00e9r\u00e9monie que l&#8217;on y repr\u00e9sente de nos jours se d\u00e9roule pratiquement comme celle de l&#8217;\u00e9poque : le <strong>cort\u00e8ge historique en costume d&#8217;\u00e9poque<\/strong> se d\u00e9place dans les rues accompagn\u00e9 des musiciens, des porte-drapeaux et des figurants qui repr\u00e9sentent la Seigneurie florentine. Le &#8220;<strong>Brindellone<\/strong>&#8221; est un Char d\u00e9cor\u00e9 formant une tour \u00e0 deux ou trois \u00e9tages, tir\u00e9 par des b\u0153ufs, et le <strong>nouveau feu b\u00e9nit<\/strong> mis au service de feux d&#8217;artifice situ\u00e9s dans le char pour donner vie \u00e0 un <strong>spectacle pyrotechnique<\/strong> haut en couleurs pour la joie du public pr\u00e9sent Place du D\u00f4me \u00e0 Florence.<\/p>\n<p><img decoding=\"async\" loading=\"lazy\" class=\"\u201cimg-responsive\u201d\" src=\"https:\/\/ilguelfobianco.it\/wp-content\/uploads\/2016\/12\/scoppio-carro-firenze.jpg\" alt=\"easter in florence\" width=\"1000\" height=\"654\" \/><\/p>\n<p>L&#8217;Explosion d Char est l\u2019\u00e9v\u00e9nement plus symbolique de la P\u00e2ques florentine. Mais <strong>Florence<\/strong> \u00e0 P\u00e2ques vous r\u00e9serve d&#8217;autres lieux d&#8217;inspiration : une promenade au <strong>Parc des Cascine<\/strong>, le poumon vert de la ville, une vir\u00e9e au <strong>Jardin des Roses<\/strong>, situ\u00e9 sous la terrasse panoramique de l&#8217;Esplanade Michelangelo et une visite au Palace Pitti et son architecture spectaculaire, la d\u00e9couverte du romantiques Jardins de Boboli, et enfin une excursion au milieu des <strong>collines florentines<\/strong>, \u00e0 pieds ou en v\u00e9lo, pour une promenade b\u00e9n\u00e9fique apr\u00e8s avoir d\u00e9gust\u00e9 les <strong>sp\u00e9cialit\u00e9s toscanes traditionnelles de P\u00e2ques<\/strong>: hors-d\u2019\u0153uvre, pappardelles, beefsteak florentin e la fameuse fougasse sucr\u00e9e.<\/p>\n<p style=\"text-align: center;\"><strong style=\"text-align: center;\">Profitez des vacances de P\u00e2ques pour vous offrir un s\u00e9jour \u00e0 Florence,<br \/>\nf\u00eater le r\u00e9veil de la nature, le retour des beaux jours et respirer l&#8217;air de f\u00eate avec les Florentins.<\/strong><\/p>\n<h4 style=\"text-align: center;\"><strong><a href=\"https:\/\/book.ermeshotels.com\/#\/hotel\/2107\/channel\/645\/language\/4\/rooms\" target=\"_blank\" rel=\"noopener noreferrer\">R\u00e9servez directement notre promotion<\/a><\/strong><br \/>\n<strong>\u201cP\u00e2ques \u00e0 Florence \u00e0 deux pas du D\u00f4me\u201d <\/strong><\/h4>\n<p><strong>Notre offre comprend:<\/strong>:<\/p>\n<ul>\n<li style=\"list-style-type: none;\">\n<ul>\n<li>S\u00e9jour<\/li>\n<li>Petit-d\u00e9jeuner au Buffet<\/li>\n<li>Un coupon de bienvenue \u00e0 utiliser dans notre bistrot &#8220;Il Desco&#8221;<\/li>\n<li>TVA et services.<\/li>\n<\/ul>\n<\/li>\n<\/ul>\n<p><strong>Termes et conditions:<\/strong>:<\/p>\n<ul>\n<li style=\"list-style-type: none;\">\n<ul>\n<li style=\"list-style-type: none;\">\n<ul>\n<li>Cette offre n&#8217;est pas cumulable avec d&#8217;autres promotions ou r\u00e9ductions<\/li>\n<li>Il vous est possible d&#8217;annuler votre r\u00e9servation jusqu&#8217;\u00e0 3 jours avant votre arriv\u00e9e pr\u00e9vue sans avoir \u00e0 payer de p\u00e9nalit\u00e9. Au del\u00e0 de trois jours, le montant de deux nuits vous sera d\u00e9bit\u00e9.<\/li>\n<li>Dans le cas o\u00f9 vous ne veniez pas, nous d\u00e9biterons le montant de deux nuit comme p\u00e9nalit\u00e9.<\/li>\n<li>La taxe de s\u00e9jour institu\u00e9e par la Mairie de Florence (depuis le 1\u00b0 Juillet 2011) est de 3,50 \u20ac par personne(excluant les enfants de moins de 12 ans) et par nuit (pour un maximum de 7 nuits) N&#8217;EST PAS INCLUE dans le prix de la chambre. La taxe de s\u00e9jour devra \u00eatre r\u00e9gl\u00e9e au moment du check-out.<\/li>\n<\/ul>\n<\/li>\n<\/ul>\n<\/li>\n<\/ul>\n<h4 style=\"text-align: center;\">Contactez-nous \u00e0 <a href=\"mailto:info@ilguelfobianco.it\">info@ilguelfobianco.it<\/a> pour toute ult\u00e9rieure information.<\/h4>\n","protected":false},"excerpt":{"rendered":"<p>Les vacances de P\u00e2ques \u00e0 Florence en s\u00e9journant dans notre h\u00f4tel pr\u00e8s de la place du D\u00f4me pour assister \u00e0 [&hellip;]<\/p>\n","protected":false},"author":3,"featured_media":11385,"comment_status":"closed","ping_status":"closed","sticky":false,"template":"","format":"standard","meta":[],"categories":[331],"tags":[85,87],"yst_prominent_words":[9535,9905,9542,10292,11306,10308,11303,10290,9730,9664,9901,9679,10291,10311,9681,10289,11304,9731,10309,9680],"acf":[],"_links":{"self":[{"href":"https:\/\/ilguelfobianco.it\/fr\/wp-json\/wp\/v2\/posts\/3350"}],"collection":[{"href":"https:\/\/ilguelfobianco.it\/fr\/wp-json\/wp\/v2\/posts"}],"about":[{"href":"https:\/\/ilguelfobianco.it\/fr\/wp-json\/wp\/v2\/types\/post"}],"author":[{"embeddable":true,"href":"https:\/\/ilguelfobianco.it\/fr\/wp-json\/wp\/v2\/users\/3"}],"replies":[{"embeddable":true,"href":"https:\/\/ilguelfobianco.it\/fr\/wp-json\/wp\/v2\/comments?post=3350"}],"version-history":[{"count":0,"href":"https:\/\/ilguelfobianco.it\/fr\/wp-json\/wp\/v2\/posts\/3350\/revisions"}],"wp:featuredmedia":[{"embeddable":true,"href":"https:\/\/ilguelfobianco.it\/fr\/wp-json\/wp\/v2\/media\/11385"}],"wp:attachment":[{"href":"https:\/\/ilguelfobianco.it\/fr\/wp-json\/wp\/v2\/media?parent=3350"}],"wp:term":[{"taxonomy":"category","embeddable":true,"href":"https:\/\/ilguelfobianco.it\/fr\/wp-json\/wp\/v2\/categories?post=3350"},{"taxonomy":"post_tag","embeddable":true,"href":"https:\/\/ilguelfobianco.it\/fr\/wp-json\/wp\/v2\/tags?post=3350"},{"taxonomy":"yst_prominent_words","embeddable":true,"href":"https:\/\/ilguelfobianco.it\/fr\/wp-json\/wp\/v2\/yst_prominent_words?post=3350"}],"curies":[{"name":"wp","href":"https:\/\/api.w.org\/{rel}","templated":true}]}}